{"id":1452,"date":"2018-10-09T15:53:06","date_gmt":"2018-10-09T15:53:06","guid":{"rendered":"https:\/\/www.schubert-reisen.de\/?p=1452"},"modified":"2018-10-09T15:53:06","modified_gmt":"2018-10-09T15:53:06","slug":"09-10-2018-kc-neue-ethnische-tarife-ab-dem-12-oktober-2018","status":"publish","type":"post","link":"https:\/\/www.schubert-reisen.de\/?p=1452","title":{"rendered":"09.10.2018 | KC | Neue ethnische Tarife ab dem 12. Oktober 2018"},"content":{"rendered":"<p>Sehr geehrte Gesch\u00e4ftspartner,<\/p>\n<p>wir freuen uns Ihnen heute die neuen VFR\/Ethnischen Tarife der Air Astana vorstellen zu d\u00fcrfen.<\/p>\n<p>Beigef\u00fcgt \u00fcbersenden wir Ihnen vorab eine aktualisierte Tarif\u00fcbersicht. Alle Tarife werden zus\u00e4tzlich in den kommenden Tagen in Ihrem Reservierungssystem abrufbar sein. Die wichtigsten \u00c4nderungen sind wie folgt:<\/p>\n<ol>\n<li><strong>Einheitliche Preise nach TSE, ALA, KSN und PWQ!<\/strong><\/li>\n<li><strong>Geringere Aufpreisstruktur innerhalb der Klassen und somit eine verbesserte Platzverf\u00fcgbarkeit in allen Buchungsklassen!<\/strong><\/li>\n<li><strong>Die Anreise mit DB ist bereits ab der M-Klasse inkludiert (anwendbar auf Fl\u00fcgen nach TSE, ALA, KSN und PWQ)<\/strong><\/li>\n<li><strong>Neuer, g\u00fcnstiger Tarif ab Hannover nach Kostanaj in der M-Klasse<\/strong><\/li>\n<\/ol>\n<p>Bitte beachten Sie, dass die neuen Tarife f\u00fcr den <strong>Verkauf\/Abfl\u00fcge ab dem 12. Oktober 2018 anwendbar<\/strong> sind. Alle bestehenden Buchungen k\u00f6nnen noch bis zum 11. Oktober 2018 zum alten Tarif ausgestellt werden.<\/p>\n<p><a href=\"https:\/\/www.schubert-reisen.de\/wp-content\/uploads\/KC-Ethnic-Fares-2018_2019.pdf\" target=\"_blank\" rel=\"noopener\"><strong> <a href=\"https:\/\/www.schubert-reisen.de\/wp-content\/uploads\/KC-Ethnic-Fares-2018_2019.pdf\" target=\"_blank\" rel=\"noopener\"><img loading=\"lazy\" decoding=\"async\" class=\"alignnone wp-image-543 size-full\" src=\"https:\/\/www.schubert-reisen.de\/wp-content\/uploads\/2016\/11\/Adobe_PDF_file_icon_32x32.png\" alt=\"\" width=\"32\" height=\"32\" \/><\/a> Tarifblatt<\/strong><\/a><\/p>\n","protected":false},"excerpt":{"rendered":"<p>Wir freuen uns Ihnen heute die neuen VFR\/Ethnischen Tarife der Air Astana vorstellen zu d\u00fcrfen. Beigef\u00fcgt \u00fcbersenden wir Ihnen vorab eine aktualisierte Tarif\u00fcbersicht. Alle Tarife werden zus\u00e4tzlich in den kommenden Tagen in Ihrem Reservierungssystem abrufbar sein&#8230;<\/p>\n","protected":false},"author":1,"featured_media":0,"comment_status":"closed","ping_status":"closed","sticky":false,"template":"","format":"standard","meta":{"_et_pb_use_builder":"","_et_pb_old_content":"","_et_gb_content_width":"","footnotes":""},"categories":[1],"tags":[],"class_list":["post-1452","post","type-post","status-publish","format-standard","hentry","category-uncategorized"],"_links":{"self":[{"href":"https:\/\/www.schubert-reisen.de\/index.php?rest_route=\/wp\/v2\/posts\/1452","targetHints":{"allow":["GET"]}}],"collection":[{"href":"https:\/\/www.schubert-reisen.de\/index.php?rest_route=\/wp\/v2\/posts"}],"about":[{"href":"https:\/\/www.schubert-reisen.de\/index.php?rest_route=\/wp\/v2\/types\/post"}],"author":[{"embeddable":true,"href":"https:\/\/www.schubert-reisen.de\/index.php?rest_route=\/wp\/v2\/users\/1"}],"replies":[{"embeddable":true,"href":"https:\/\/www.schubert-reisen.de\/index.php?rest_route=%2Fwp%2Fv2%2Fcomments&post=1452"}],"version-history":[{"count":3,"href":"https:\/\/www.schubert-reisen.de\/index.php?rest_route=\/wp\/v2\/posts\/1452\/revisions"}],"predecessor-version":[{"id":1456,"href":"https:\/\/www.schubert-reisen.de\/index.php?rest_route=\/wp\/v2\/posts\/1452\/revisions\/1456"}],"wp:attachment":[{"href":"https:\/\/www.schubert-reisen.de\/index.php?rest_route=%2Fwp%2Fv2%2Fmedia&parent=1452"}],"wp:term":[{"taxonomy":"category","embeddable":true,"href":"https:\/\/www.schubert-reisen.de\/index.php?rest_route=%2Fwp%2Fv2%2Fcategories&post=1452"},{"taxonomy":"post_tag","embeddable":true,"href":"https:\/\/www.schubert-reisen.de\/index.php?rest_route=%2Fwp%2Fv2%2Ftags&post=1452"}],"curies":[{"name":"wp","href":"https:\/\/api.w.org\/{rel}","templated":true}]}}