{"id":2622,"date":"2021-06-17T15:37:44","date_gmt":"2021-06-17T15:37:44","guid":{"rendered":"https:\/\/www.schubert-reisen.de\/?p=2622"},"modified":"2021-06-17T15:37:46","modified_gmt":"2021-06-17T15:37:46","slug":"17-06-2021-lh-group-verlaengerung-des-verkaufszeitraums-der-vfr-tarife-mit-2-gepaeckstuecken","status":"publish","type":"post","link":"https:\/\/www.schubert-reisen.de\/?p=2622","title":{"rendered":"17.06.2021 | LH Group | Verl\u00e4ngerung des Verkaufszeitraums der VFR Tarife mit 2 Gep\u00e4ckst\u00fccken"},"content":{"rendered":"\n<p>Sehr geehrte Gesch\u00e4ftspartner,<\/p>\n\n\n\n<p>wir freuen uns Ihnen mitteilen zu k\u00f6nnen, dass Lufthansa den <strong>VFR-Sondertarif mit zwei Gep\u00e4ckst\u00fccken<\/strong> f\u00fcr den Verkauf bis zum 31.12.2021 verl\u00e4ngert wurde. Details entnehmen Sie bitte beiliegendem Dokument.<\/p>\n\n\n\n<p>Bitte beachten Sie, dass diesen Tarif k\u00f6nnen Sie nicht selbstst\u00e4ndig in Amadeus abfragen. <strong>F\u00fcr Preisbest\u00e4tigung benutzen Sie bitte Amadeus Queue 62 (Fragen).<\/strong><\/p>\n\n\n\n<p><a href=\"https:\/\/www.schubert-reisen.de\/wp-content\/uploads\/LH_VFR_2021_Update_17Jun21.pdf\" target=\"_blank\" rel=\"noreferrer noopener\"><strong>LH VFR-Sondertarif bis 31.12.2021 als PDF<\/strong><\/a><\/p>\n","protected":false},"excerpt":{"rendered":"<p>Sehr geehrte Gesch\u00e4ftspartner, wir freuen uns Ihnen mitteilen zu k\u00f6nnen, dass Lufthansa den VFR-Sondertarif mit zwei Gep\u00e4ckst\u00fccken f\u00fcr den Verkauf bis zum 31.12.2021 verl\u00e4ngert wurde. Details entnehmen Sie bitte beiliegendem Dokument. Bitte beachten Sie, dass diesen Tarif k\u00f6nnen Sie nicht selbstst\u00e4ndig in Amadeus abfragen. F\u00fcr Preisbest\u00e4tigung benutzen Sie bitte Amadeus Queue 62 (Fragen). LH VFR-Sondertarif [&hellip;]<\/p>\n","protected":false},"author":1,"featured_media":0,"comment_status":"closed","ping_status":"closed","sticky":false,"template":"","format":"standard","meta":{"_et_pb_use_builder":"off","_et_pb_old_content":"","_et_gb_content_width":"","footnotes":""},"categories":[1],"tags":[],"class_list":["post-2622","post","type-post","status-publish","format-standard","hentry","category-uncategorized"],"_links":{"self":[{"href":"https:\/\/www.schubert-reisen.de\/index.php?rest_route=\/wp\/v2\/posts\/2622","targetHints":{"allow":["GET"]}}],"collection":[{"href":"https:\/\/www.schubert-reisen.de\/index.php?rest_route=\/wp\/v2\/posts"}],"about":[{"href":"https:\/\/www.schubert-reisen.de\/index.php?rest_route=\/wp\/v2\/types\/post"}],"author":[{"embeddable":true,"href":"https:\/\/www.schubert-reisen.de\/index.php?rest_route=\/wp\/v2\/users\/1"}],"replies":[{"embeddable":true,"href":"https:\/\/www.schubert-reisen.de\/index.php?rest_route=%2Fwp%2Fv2%2Fcomments&post=2622"}],"version-history":[{"count":2,"href":"https:\/\/www.schubert-reisen.de\/index.php?rest_route=\/wp\/v2\/posts\/2622\/revisions"}],"predecessor-version":[{"id":2625,"href":"https:\/\/www.schubert-reisen.de\/index.php?rest_route=\/wp\/v2\/posts\/2622\/revisions\/2625"}],"wp:attachment":[{"href":"https:\/\/www.schubert-reisen.de\/index.php?rest_route=%2Fwp%2Fv2%2Fmedia&parent=2622"}],"wp:term":[{"taxonomy":"category","embeddable":true,"href":"https:\/\/www.schubert-reisen.de\/index.php?rest_route=%2Fwp%2Fv2%2Fcategories&post=2622"},{"taxonomy":"post_tag","embeddable":true,"href":"https:\/\/www.schubert-reisen.de\/index.php?rest_route=%2Fwp%2Fv2%2Ftags&post=2622"}],"curies":[{"name":"wp","href":"https:\/\/api.w.org\/{rel}","templated":true}]}}