{"id":3109,"date":"2025-06-09T14:41:06","date_gmt":"2025-06-09T14:41:06","guid":{"rendered":"https:\/\/www.schubert-reisen.de\/?p=3109"},"modified":"2025-06-09T14:41:07","modified_gmt":"2025-06-09T14:41:07","slug":"09-06-2025-kc-verlaengerung-air-astana-sondertarife-fra-ala","status":"publish","type":"post","link":"https:\/\/www.schubert-reisen.de\/?p=3109","title":{"rendered":"09.06.2025 | KC | Verl\u00e4ngerung! Air Astana &#8211; Sondertarife FRA-ALA"},"content":{"rendered":"\n<p>Sehr geehrte Gesch\u00e4ftspartner,<\/p>\n\n\n\n<p>wir freuen uns, Ihnen mitteilen zu k\u00f6nnen, dass die Sondertarife FRA-ALA-FRA von der Air Astana <strong>bis einschlie\u00dflich 18. Juni 2025 verl\u00e4ngert <\/strong>wurden.<\/p>\n\n\n\n<ul class=\"wp-block-list\">\n<li><strong>Verkaufszeitraum: bis einschlie\u00dflich 18.06.2025<\/strong><\/li>\n\n\n\n<li><strong>Reisezeitraum: 01.06.2025 \u2013 15.09.2025<\/strong><\/li>\n<\/ul>\n\n\n\n<p><strong><a href=\"https:\/\/www.schubert-reisen.de\/wp-content\/uploads\/KC_ALA-Special_SOM2025.pdf\" target=\"_blank\" rel=\"noreferrer noopener\">Hier finden Sie aktualisierte Preisliste als PDF-Download.<\/a><\/strong><\/p>\n\n\n\n<p>Mit freundlichen Gr\u00fc\u00dfen<br>Waldemar Schubert<\/p>\n","protected":false},"excerpt":{"rendered":"<p>Sehr geehrte Gesch\u00e4ftspartner, wir freuen uns, Ihnen mitteilen zu k\u00f6nnen, dass die Sondertarife FRA-ALA-FRA von der Air Astana bis einschlie\u00dflich 18. Juni 2025 verl\u00e4ngert wurden. Hier finden Sie aktualisierte Preisliste als PDF-Download. Mit freundlichen Gr\u00fc\u00dfenWaldemar Schubert<\/p>\n","protected":false},"author":1,"featured_media":0,"comment_status":"closed","ping_status":"closed","sticky":false,"template":"","format":"standard","meta":{"_et_pb_use_builder":"off","_et_pb_old_content":"","_et_gb_content_width":"","footnotes":""},"categories":[1],"tags":[],"class_list":["post-3109","post","type-post","status-publish","format-standard","hentry","category-uncategorized"],"_links":{"self":[{"href":"https:\/\/www.schubert-reisen.de\/index.php?rest_route=\/wp\/v2\/posts\/3109","targetHints":{"allow":["GET"]}}],"collection":[{"href":"https:\/\/www.schubert-reisen.de\/index.php?rest_route=\/wp\/v2\/posts"}],"about":[{"href":"https:\/\/www.schubert-reisen.de\/index.php?rest_route=\/wp\/v2\/types\/post"}],"author":[{"embeddable":true,"href":"https:\/\/www.schubert-reisen.de\/index.php?rest_route=\/wp\/v2\/users\/1"}],"replies":[{"embeddable":true,"href":"https:\/\/www.schubert-reisen.de\/index.php?rest_route=%2Fwp%2Fv2%2Fcomments&post=3109"}],"version-history":[{"count":1,"href":"https:\/\/www.schubert-reisen.de\/index.php?rest_route=\/wp\/v2\/posts\/3109\/revisions"}],"predecessor-version":[{"id":3110,"href":"https:\/\/www.schubert-reisen.de\/index.php?rest_route=\/wp\/v2\/posts\/3109\/revisions\/3110"}],"wp:attachment":[{"href":"https:\/\/www.schubert-reisen.de\/index.php?rest_route=%2Fwp%2Fv2%2Fmedia&parent=3109"}],"wp:term":[{"taxonomy":"category","embeddable":true,"href":"https:\/\/www.schubert-reisen.de\/index.php?rest_route=%2Fwp%2Fv2%2Fcategories&post=3109"},{"taxonomy":"post_tag","embeddable":true,"href":"https:\/\/www.schubert-reisen.de\/index.php?rest_route=%2Fwp%2Fv2%2Ftags&post=3109"}],"curies":[{"name":"wp","href":"https:\/\/api.w.org\/{rel}","templated":true}]}}