{"id":3128,"date":"2025-08-23T11:00:20","date_gmt":"2025-08-23T11:00:20","guid":{"rendered":"https:\/\/www.schubert-reisen.de\/?p=3128"},"modified":"2025-08-23T11:00:23","modified_gmt":"2025-08-23T11:00:23","slug":"23-08-2025-kc-air-astana-vfr-ethnische-tarife-fuer-den-transfer-zwischen-ala-und-nqz","status":"publish","type":"post","link":"https:\/\/www.schubert-reisen.de\/?p=3128","title":{"rendered":"23.08.2025 | KC | Air Astana VFR (ethnische) Tarife f\u00fcr den Transfer zwischen ALA und NQZ"},"content":{"rendered":"\n<p>Sehr geehrte Gesch\u00e4ftspartner,<\/p>\n\n\n\n<p>aufgrund der j\u00fcngsten Flugplan\u00e4nderungen von Air Astana f\u00fcr den 25. Oktober m\u00f6chten wir Sie informieren, dass auf den folgenden Strecken VFR (ethnische) Tarife verf\u00fcgbar sind:<\/p>\n\n\n\n<p>FRA-NQZ-<strong>ALA<\/strong>-NQZ-FRA<br>FRA-ALA-<strong>NQZ<\/strong>-ALA-FRA<\/p>\n\n\n\n<p>Bei Fragen stehen wir Ihnen gerne zur Verf\u00fcgung.<\/p>\n\n\n\n<p>Mit freundlichen Gr\u00fc\u00dfen<br>Waldemar Schubert<\/p>\n","protected":false},"excerpt":{"rendered":"<p>Sehr geehrte Gesch\u00e4ftspartner, aufgrund der j\u00fcngsten Flugplan\u00e4nderungen von Air Astana f\u00fcr den 25. Oktober m\u00f6chten wir Sie informieren, dass auf den folgenden Strecken VFR (ethnische) Tarife verf\u00fcgbar sind: FRA-NQZ-ALA-NQZ-FRAFRA-ALA-NQZ-ALA-FRA Bei Fragen stehen wir Ihnen gerne zur Verf\u00fcgung. Mit freundlichen Gr\u00fc\u00dfenWaldemar Schubert<\/p>\n","protected":false},"author":1,"featured_media":0,"comment_status":"closed","ping_status":"closed","sticky":false,"template":"","format":"standard","meta":{"_et_pb_use_builder":"off","_et_pb_old_content":"","_et_gb_content_width":"","footnotes":""},"categories":[1],"tags":[],"class_list":["post-3128","post","type-post","status-publish","format-standard","hentry","category-uncategorized"],"_links":{"self":[{"href":"https:\/\/www.schubert-reisen.de\/index.php?rest_route=\/wp\/v2\/posts\/3128","targetHints":{"allow":["GET"]}}],"collection":[{"href":"https:\/\/www.schubert-reisen.de\/index.php?rest_route=\/wp\/v2\/posts"}],"about":[{"href":"https:\/\/www.schubert-reisen.de\/index.php?rest_route=\/wp\/v2\/types\/post"}],"author":[{"embeddable":true,"href":"https:\/\/www.schubert-reisen.de\/index.php?rest_route=\/wp\/v2\/users\/1"}],"replies":[{"embeddable":true,"href":"https:\/\/www.schubert-reisen.de\/index.php?rest_route=%2Fwp%2Fv2%2Fcomments&post=3128"}],"version-history":[{"count":1,"href":"https:\/\/www.schubert-reisen.de\/index.php?rest_route=\/wp\/v2\/posts\/3128\/revisions"}],"predecessor-version":[{"id":3129,"href":"https:\/\/www.schubert-reisen.de\/index.php?rest_route=\/wp\/v2\/posts\/3128\/revisions\/3129"}],"wp:attachment":[{"href":"https:\/\/www.schubert-reisen.de\/index.php?rest_route=%2Fwp%2Fv2%2Fmedia&parent=3128"}],"wp:term":[{"taxonomy":"category","embeddable":true,"href":"https:\/\/www.schubert-reisen.de\/index.php?rest_route=%2Fwp%2Fv2%2Fcategories&post=3128"},{"taxonomy":"post_tag","embeddable":true,"href":"https:\/\/www.schubert-reisen.de\/index.php?rest_route=%2Fwp%2Fv2%2Ftags&post=3128"}],"curies":[{"name":"wp","href":"https:\/\/api.w.org\/{rel}","templated":true}]}}