{"id":3225,"date":"2026-04-08T09:50:58","date_gmt":"2026-04-08T09:50:58","guid":{"rendered":"https:\/\/www.schubert-reisen.de\/?p=3225"},"modified":"2026-04-08T09:51:00","modified_gmt":"2026-04-08T09:51:00","slug":"08-04-2026-kc-information-zum-terminalumzug-der-air-astana-am-05-05-2026","status":"publish","type":"post","link":"https:\/\/www.schubert-reisen.de\/?p=3225","title":{"rendered":"08.04.2026 | KC | Information zum Terminalumzug der Air Astana am 05.05.2026"},"content":{"rendered":"\n<p>Sehr geehrte Gesch\u00e4ftspartner,<\/p>\n\n\n\n<p>anbei erhalten Sie weiterf\u00fchrende Informationen zum Umzug der Air Astana in das neue Terminal 3 am Flughafen FRA am 05.05.2026.<\/p>\n\n\n\n<p>Die entsprechenden Details stehen Ihnen \u00fcber den folgenden Download-Link zur Verf\u00fcgung:<\/p>\n\n\n\n<p><strong><a href=\"https:\/\/www.schubert-reisen.de\/wp-content\/uploads\/Air-Astana-Terminal-3-Fraport-DE.pdf\" target=\"_blank\" rel=\"noreferrer noopener\">Air Astana Newsletter (PDF)<\/a><\/strong><\/p>\n\n\n\n<p>Mit freundlichen Gr\u00fc\u00dfen<br>Waldemar Schubert<\/p>\n","protected":false},"excerpt":{"rendered":"<p>Sehr geehrte Gesch\u00e4ftspartner, anbei erhalten Sie weiterf\u00fchrende Informationen zum Umzug der Air Astana in das neue Terminal 3 am Flughafen FRA am 05.05.2026. Die entsprechenden Details stehen Ihnen \u00fcber den folgenden Download-Link zur Verf\u00fcgung: Air Astana Newsletter (PDF) Mit freundlichen Gr\u00fc\u00dfenWaldemar Schubert<\/p>\n","protected":false},"author":1,"featured_media":0,"comment_status":"closed","ping_status":"closed","sticky":false,"template":"","format":"standard","meta":{"_et_pb_use_builder":"off","_et_pb_old_content":"","_et_gb_content_width":"","footnotes":""},"categories":[1],"tags":[],"class_list":["post-3225","post","type-post","status-publish","format-standard","hentry","category-uncategorized"],"_links":{"self":[{"href":"https:\/\/www.schubert-reisen.de\/index.php?rest_route=\/wp\/v2\/posts\/3225","targetHints":{"allow":["GET"]}}],"collection":[{"href":"https:\/\/www.schubert-reisen.de\/index.php?rest_route=\/wp\/v2\/posts"}],"about":[{"href":"https:\/\/www.schubert-reisen.de\/index.php?rest_route=\/wp\/v2\/types\/post"}],"author":[{"embeddable":true,"href":"https:\/\/www.schubert-reisen.de\/index.php?rest_route=\/wp\/v2\/users\/1"}],"replies":[{"embeddable":true,"href":"https:\/\/www.schubert-reisen.de\/index.php?rest_route=%2Fwp%2Fv2%2Fcomments&post=3225"}],"version-history":[{"count":1,"href":"https:\/\/www.schubert-reisen.de\/index.php?rest_route=\/wp\/v2\/posts\/3225\/revisions"}],"predecessor-version":[{"id":3227,"href":"https:\/\/www.schubert-reisen.de\/index.php?rest_route=\/wp\/v2\/posts\/3225\/revisions\/3227"}],"wp:attachment":[{"href":"https:\/\/www.schubert-reisen.de\/index.php?rest_route=%2Fwp%2Fv2%2Fmedia&parent=3225"}],"wp:term":[{"taxonomy":"category","embeddable":true,"href":"https:\/\/www.schubert-reisen.de\/index.php?rest_route=%2Fwp%2Fv2%2Fcategories&post=3225"},{"taxonomy":"post_tag","embeddable":true,"href":"https:\/\/www.schubert-reisen.de\/index.php?rest_route=%2Fwp%2Fv2%2Ftags&post=3225"}],"curies":[{"name":"wp","href":"https:\/\/api.w.org\/{rel}","templated":true}]}}